{"id":28160,"date":"2020-03-05T12:04:00","date_gmt":"2020-03-05T10:04:00","guid":{"rendered":"https:\/\/www.terredeshommesschweiz.ch\/we-need-to-counter-exclusion-and-radicalism\/"},"modified":"2025-04-01T15:25:50","modified_gmt":"2025-04-01T13:25:50","slug":"we-need-to-counter-exclusion-and-radicalism","status":"publish","type":"post","link":"https:\/\/www.terredeshommesschweiz.ch\/en\/we-need-to-counter-exclusion-and-radicalism\/","title":{"rendered":"&#8220;We need to counter exclusion and radicalism&#8221;"},"content":{"rendered":"<p><em>Roger Gafner: \u00abDas imagine Festival war von Anfang an Kultur und Information ohne moralischen Zeigefinger.\u00bb<\/em><\/p>\n<p><strong>imagine \u2013 das ist nicht nur ein Festival f\u00fcr mehr Toleranz, das jedes Jahr im Juni tolle musikalische Acts nach Basel bringt. Roger Gafner von terre des hommes schweiz stellt das Projekt von Jugendlichen f\u00fcr Jugendliche vor, seit bald 20 Jahren ein Kreativlabor f\u00fcr das Miteinander in unserer Gesellschaft.<\/strong><\/p>\n<p><strong>terre des hommes schweiz:<\/strong> <strong>Roger Gafner, Du koordinierst das Jugendprojekt imagine bei terre des hommes schweiz. Was ist imagine?<\/strong><\/p>\n<p><strong>Roger Gafner: <\/strong>imagine ist die Symbiose von Sensibilisierungsarbeit unter dem Motto \u00abF\u00fcr Vielfalt \u2013 Gegen Diskriminierung\u00bb mit der Jugendkultur als Vehikel. Das imagine Festival im Juni ist das Aush\u00e4ngeschild von imagine und jener H\u00f6hepunkt im Jahr, bei dem die Motivation nochmals in die H\u00f6he schnellt.<\/p>\n<p><strong>Treten am imagine Festival \u00abpolitische\u00bb Bands auf?<br \/><\/strong>Manche Acts passen von ihren Texten her zum Festival. So gab es zum Beispiel bei der Festivalausgabe 2018 einen grossen Anteil Frauenbands und K\u00fcnstlerinnen. Auch Newcomer sollen am Festival eine Plattform erhalten. Dabei hat sich imagine als Trendsetter erwiesen: So manche Newcomer-Band ist nach ihrem Erstauftritt in der Schweiz am imagine Festival durchgestartet.<\/p>\n<p><strong>Welches war Dein erster Kontakt mit imagine?<br \/><\/strong>Ich lernte das imagine Festival mit gut 22 Jahren als Zuschauer kennen. Ein paar Jahre sp\u00e4ter stand ich selber als T\u00e4nzer der HipHop-Gruppe uni-t auf der Festivalb\u00fchne auf dem Barf\u00fcsserplatz.<\/p>\n<p><strong>Wusstest Du damals, dass imagine nicht nur ein Musikfestival von Jugendlichen f\u00fcr Jugendliche ist, sondern auch zum Beispiel Workshops in Schulen oder Diskussionstreffen durchf\u00fchrt?<br \/><\/strong>Ich wusste, dass imagine mit der Arbeit von terre des hommes schweiz zu tun hatte. Aber in dem Alter stand f\u00fcr mich der Zusammenhang vom Festival zum Thema weniger im Vordergrund, sondern mich interessierten prim\u00e4r der Event und das Zusammensein mit Kollegen. Das imagine Festival war von Anfang an Kultur und Information ohne moralischen Zeigefinger. Die Message lautete: Wir stehen ein f\u00fcr Multikulturalit\u00e4t und gegen Rassismus.<\/p>\n<p>\t\t\t\t\t\t\t\t\t\t<img fetchpriority=\"high\" decoding=\"async\" width=\"1024\" height=\"1024\" src=\"https:\/\/www.terredeshommesschweiz.ch\/wp-content\/uploads\/2019\/01\/181015_tdh_gafner_0039-1-1024x1024.jpg\" alt=\"Portrait von Roger Gafner\" srcset=\"https:\/\/www.terredeshommesschweiz.ch\/wp-content\/uploads\/2019\/01\/181015_tdh_gafner_0039-1-1024x1024.jpg 1024w, https:\/\/www.terredeshommesschweiz.ch\/wp-content\/uploads\/2019\/01\/181015_tdh_gafner_0039-1-150x150.jpg 150w, https:\/\/www.terredeshommesschweiz.ch\/wp-content\/uploads\/2019\/01\/181015_tdh_gafner_0039-1-300x300.jpg 300w, https:\/\/www.terredeshommesschweiz.ch\/wp-content\/uploads\/2019\/01\/181015_tdh_gafner_0039-1-768x767.jpg 768w, https:\/\/www.terredeshommesschweiz.ch\/wp-content\/uploads\/2019\/01\/181015_tdh_gafner_0039-1.jpg 1090w\" sizes=\"(max-width: 1024px) 100vw, 1024px\" \/><br \/>\n\t\t<em><strong>Roger Gafner<\/strong>\u00a0hat eine Ausbildung als soziokultureller Animator und arbeitet seit anderthalb Jahren als Projektkoordinator im Inlandprogramm von terre des hommes schweiz. Davor war er w\u00e4hrend zehn Jahren in der Jugendarbeit engagiert, unter anderem als Freiwilliger beim Jugendkulturfestival in Basel. Gemeinsam mit Jugendlichen hat er den \u00abLeimbeat\u00bb Jugendband-Contest in Oberwil BL ins Leben gerufen. Daneben tanzte Roger Gafner w\u00e4hrend vielen Jahren HipHop und Contemporary, arbeitete f\u00fcr das Tanzb\u00fcro Basel und organisierte eine Ausgabe des Tanzfest Basel mit.<\/em><\/p>\n<p>Ist es nicht schwierig, mit einem Festival gegen Rassismus die Massen mobilisieren zu wollen?<br \/>Wieso denn? Die Hetze gegen Menschen, die nicht der vermeintlichen Norm entsprechen, findet nach wie vor statt und dagegen m\u00fcssen wir uns mit friedlichen Mitteln wehren. Es braucht klare Gegensteuer zu jeglicher Form von Ausgrenzung und Radikalismus. Der imagine Slogan \u00abF\u00fcr Vielfalt \u2013 Gegen Diskriminierung\u00bb gef\u00e4llt mir gut. Er ist offen, inklusiv und positiv.<\/p>\n<p>Wie hat sich das Jugendprojekt in den vergangenen knapp 20 Jahren entwickelt?<br \/>Es ist sicher keine lineare Entwicklung. Es existiert kein roter Faden, sondern das Projekt steht und f\u00e4llt mit den Jugendlichen, die es voranbringen. imagine ist seismografisch, up and down. imagine ist am Puls der Zeit und schafft immer wieder neue Impulse.<\/p>\n<p>Was das Festival betrifft, so ist es sicher \u00aberwachsener\u00bb geworden. Heute kommt es h\u00f6chst professionell daher und ist business-m\u00e4ssig aufgestellt. Die Projektkoordinatorinnen und -koordinatoren arbeiten das ganze Jahr \u00fcber an der n\u00e4chsten Festivalausgabe. Sie wissen, wie man ein Grossprojekt plant und umsetzt. Die internen Abl\u00e4ufe sind eingespielt und es gibt ein grosses Know-how im Eventmanagment. Bei imagine kannst du dein Talent einbringen. Die Jugendlichen sind ganz anders parat als vor 20 Jahren.<\/p>\n<p>Inwiefern sind sie anders parat?<br \/>Die Leute bei imagine sind beruflich ambitioniert und sie bringen schon viel Erfahrung und Expertise mit. Viele Jugendliche machen sich schon fr\u00fch Gedanken zu ihrer beruflichen Zukunft. imagine kann eine Station auf ihrem Weg sein. Im Idealfall kannst du auf der einen Seite viel einbringen und auf der anderen Seite viel profitieren von imagine. Das ist auch das \u00fcbergeordnete Ziel des imagine Projekts, die Jugendlichen zu st\u00e4rken auf ihrem Weg und f\u00fcr ihr Engagement in der Gesellschaft.<\/p>\n<p>Es sind aber nicht alle Jugendlichen gleich zielstrebig. Ist imagine ein Hort f\u00fcr Spr\u00f6sslinge von akademischen, bildungsaffinen Haushalten?<br \/>Es ist schon so: Die Kerngruppe von imagine besteht in der Tendenz mehrheitlich aus Studierenden. Ausschlaggebend ist jedoch nicht der soziale Hintergrund der Jugendlichen, sondern der Zeitfaktor: Wer eine Lehre oder Berufsbildung macht oder arbeitet und daneben noch eine Weiterbildung absolviert, ist ausgebucht. Wer hingegen ans Gymi geht oder studiert, kann sich seine Zeit etwas flexibler einteilen. Die imagine Gruppe diskutiert immer wieder, wie sie sich \u00f6ffnen kann und wir f\u00fchren immer wieder Workshops an der Gewerbeschule durch, die auf Interesse stossen. Aber eben: Es braucht Zeit f\u00fcr die Mitwirkung bei imagine, auch wenn die meisten Sitzungen am Wochenende und unter der Woche am Abend stattfinden.<\/p>\n<p>https:\/\/www.youtube.com\/watch?v=1M6RAjNh8jM<\/p>\n<p><strong>Was ist das Spezielle an imagine?<\/strong><br \/>Zum Beispiel: Wer mitmacht, geh\u00f6rt einfach dazu. Es ist ein ganz besonderes Gef\u00fchl, Teil eines gr\u00f6sseren Ganzen zu sein und mit einer Offenheit an einem Ort aufgenommen zu werden, der ohne starre Strukturen auskommt. Dieser einzigartige Spirit von imagine hat sich \u00fcber all die Jahre gehalten: Alle k\u00f6nnen sich einbringen und einen Beitrag an dieses Ganze leisten. Niemand wird ausgeschlossen.<\/p>\n<p><strong>Zuletzt: Wie muss man sich die Zusammenarbeit zwischen imagine und terre des hommes schweiz vorstellen?<\/strong><br \/>Das ist eine interessante Frage. Der Ansatz von terre des hommes schweiz ist Jugendpartizipation. Die Leute von imagine machen ihre Arbeit sehr selbst\u00e4ndig, ich bin das Bindeglied zur Organisation. Es ist wichtig, dass wir uns immer wieder gemeinsam \u00fcberlegen, wie wir unsere Zusammenarbeit gestalten wollen. terre des hommes schweiz k\u00f6nnte sicher noch viel mehr von der Innovationskraft des imagine Projekts profitieren.<\/p>\n<p><a href=\"\/?page_id=1342\">Mehr zu imagine<\/a><\/p>\n<p>\u00a0<\/p>\n","protected":false},"excerpt":{"rendered":"<p>imagine is not just a festival for more tolerance that brings great musical acts to Basel every year in June. Roger Gafner from terre des hommes schweiz presents the project by young people for young people, which has been a creative laboratory for togetherness in our society for almost 20 years. <\/p>\n","protected":false},"author":5,"featured_media":24738,"comment_status":"closed","ping_status":"open","sticky":false,"template":"","format":"standard","meta":{"inline_featured_image":false,"footnotes":""},"categories":[151],"tags":[],"class_list":["post-28160","post","type-post","status-publish","format-standard","has-post-thumbnail","hentry","category-switzerland"],"_links":{"self":[{"href":"https:\/\/www.terredeshommesschweiz.ch\/en\/wp-json\/wp\/v2\/posts\/28160","targetHints":{"allow":["GET"]}}],"collection":[{"href":"https:\/\/www.terredeshommesschweiz.ch\/en\/wp-json\/wp\/v2\/posts"}],"about":[{"href":"https:\/\/www.terredeshommesschweiz.ch\/en\/wp-json\/wp\/v2\/types\/post"}],"author":[{"embeddable":true,"href":"https:\/\/www.terredeshommesschweiz.ch\/en\/wp-json\/wp\/v2\/users\/5"}],"replies":[{"embeddable":true,"href":"https:\/\/www.terredeshommesschweiz.ch\/en\/wp-json\/wp\/v2\/comments?post=28160"}],"version-history":[{"count":0,"href":"https:\/\/www.terredeshommesschweiz.ch\/en\/wp-json\/wp\/v2\/posts\/28160\/revisions"}],"wp:featuredmedia":[{"embeddable":true,"href":"https:\/\/www.terredeshommesschweiz.ch\/en\/wp-json\/wp\/v2\/media\/24738"}],"wp:attachment":[{"href":"https:\/\/www.terredeshommesschweiz.ch\/en\/wp-json\/wp\/v2\/media?parent=28160"}],"wp:term":[{"taxonomy":"category","embeddable":true,"href":"https:\/\/www.terredeshommesschweiz.ch\/en\/wp-json\/wp\/v2\/categories?post=28160"},{"taxonomy":"post_tag","embeddable":true,"href":"https:\/\/www.terredeshommesschweiz.ch\/en\/wp-json\/wp\/v2\/tags?post=28160"}],"curies":[{"name":"wp","href":"https:\/\/api.w.org\/{rel}","templated":true}]}}